{"id":1649,"date":"2021-01-31T21:24:57","date_gmt":"2021-01-31T20:24:57","guid":{"rendered":"https:\/\/www.seritium.es\/wordpress\/?p=1649"},"modified":"2021-01-31T21:25:16","modified_gmt":"2021-01-31T20:25:16","slug":"abecegrama-de-la-paz","status":"publish","type":"post","link":"https:\/\/www.seritium.es\/wordpress\/index.php\/2021\/01\/31\/abecegrama-de-la-paz\/","title":{"rendered":"ABECEGRAMA DE LA PAZ."},"content":{"rendered":"\n<p><strong><span class=\"has-inline-color has-vivid-cyan-blue-color\">\u00bfVerdad que son tiempos dif\u00edciles?<\/span><\/strong><\/p>\n\n\n\n<p>Pues los peques del centro hemos querido, con motivo de este d\u00eda tan especial, hacer un HOMENAJE, nuestro RECONOCIMIENTO, a toda la comunidad educativa del IES Seritium.<\/p>\n\n\n\n<p> Desde nuestra tutor\u00eda 1\u00baESO-D, lanzamos el mensaje de que <strong><em>LA PAZ EST\u00c1 EN TUS MANOS<\/em><\/strong>, por eso hemos llenado la puerta de clase con nuestra mano, nuestro compromiso. Tambi\u00e9n creemos que en el significado de <strong><em>PAZ<\/em><\/strong> entran todas las palabras, todos los VALORES de los que el IES Seritium, al completo, puede presumir.<\/p>\n\n\n\n<h3 class=\"has-text-align-center wp-block-heading\"><span class=\"has-inline-color has-vivid-red-color\">\u00c1NIMO, FUERZA Y MUCHA PAZ.<\/span><\/h3>\n\n\n\n<figure class=\"wp-block-video aligncenter\"><video height=\"352\" style=\"aspect-ratio: 640 \/ 352;\" width=\"640\" controls src=\"https:\/\/www.seritium.es\/wordpress\/wp-content\/uploads\/2021\/01\/ABECEGRAMA-PAZ-1D.mp4\"><\/video><figcaption>(Irene, Samuel, \u00c1lvaro, Mar\u00eda B., Jos\u00e9, David, Carmen Pilar, Daniel, Paola, Mar\u00eda F., Candela, Athenas, Diego, Desir\u00e9e, Antonio, Berta, Rafael, Alejandro, Iv\u00e1n, Claudia, Martina, Yanira, M\u00aa \u00c1ngeles, Elena, \u00c1frica, Ana M\u00aa y Roberto)<\/figcaption><\/figure>\n\n\n\n<p><\/p>\n\n\n\n<p><\/p>\n","protected":false},"excerpt":{"rendered":"<p>\u00bfVerdad que son tiempos dif\u00edciles? Pues los peques del centro hemos querido, con motivo de este d\u00eda tan especial, hacer un HOMENAJE, nuestro RECONOCIMIENTO, a&hellip; <\/p>\n","protected":false},"author":1,"featured_media":1651,"comment_status":"closed","ping_status":"closed","sticky":false,"template":"","format":"standard","meta":{"footnotes":"","jetpack_publicize_message":"","jetpack_publicize_feature_enabled":true,"jetpack_social_post_already_shared":false,"jetpack_social_options":{"image_generator_settings":{"template":"highway","default_image_id":0,"font":"","enabled":false},"version":2}},"categories":[224,5,155],"tags":[232,233],"class_list":["post-1649","post","type-post","status-publish","format-standard","has-post-thumbnail","hentry","category-creatividad-en-el-seritium","category-alumnado","category-trabajos_alumnos","tag-abecegrama","tag-paz"],"jetpack_publicize_connections":[],"_links":{"self":[{"href":"https:\/\/www.seritium.es\/wordpress\/index.php\/wp-json\/wp\/v2\/posts\/1649","targetHints":{"allow":["GET"]}}],"collection":[{"href":"https:\/\/www.seritium.es\/wordpress\/index.php\/wp-json\/wp\/v2\/posts"}],"about":[{"href":"https:\/\/www.seritium.es\/wordpress\/index.php\/wp-json\/wp\/v2\/types\/post"}],"author":[{"embeddable":true,"href":"https:\/\/www.seritium.es\/wordpress\/index.php\/wp-json\/wp\/v2\/users\/1"}],"replies":[{"embeddable":true,"href":"https:\/\/www.seritium.es\/wordpress\/index.php\/wp-json\/wp\/v2\/comments?post=1649"}],"version-history":[{"count":2,"href":"https:\/\/www.seritium.es\/wordpress\/index.php\/wp-json\/wp\/v2\/posts\/1649\/revisions"}],"predecessor-version":[{"id":1653,"href":"https:\/\/www.seritium.es\/wordpress\/index.php\/wp-json\/wp\/v2\/posts\/1649\/revisions\/1653"}],"wp:featuredmedia":[{"embeddable":true,"href":"https:\/\/www.seritium.es\/wordpress\/index.php\/wp-json\/wp\/v2\/media\/1651"}],"wp:attachment":[{"href":"https:\/\/www.seritium.es\/wordpress\/index.php\/wp-json\/wp\/v2\/media?parent=1649"}],"wp:term":[{"taxonomy":"category","embeddable":true,"href":"https:\/\/www.seritium.es\/wordpress\/index.php\/wp-json\/wp\/v2\/categories?post=1649"},{"taxonomy":"post_tag","embeddable":true,"href":"https:\/\/www.seritium.es\/wordpress\/index.php\/wp-json\/wp\/v2\/tags?post=1649"}],"curies":[{"name":"wp","href":"https:\/\/api.w.org\/{rel}","templated":true}]}}