{"id":2921,"date":"2022-11-08T19:30:42","date_gmt":"2022-11-08T18:30:42","guid":{"rendered":"https:\/\/www.seritium.es\/wordpress\/?p=2921"},"modified":"2025-03-13T21:15:31","modified_gmt":"2025-03-13T20:15:31","slug":"ii-certamen-de-microcuentos-ilustrados-miguel-parra","status":"publish","type":"post","link":"https:\/\/www.seritium.es\/wordpress\/index.php\/2022\/11\/08\/ii-certamen-de-microcuentos-ilustrados-miguel-parra\/","title":{"rendered":"II CERTAMEN DE MICROCUENTOS ILUSTRADOS \u201cMIGUEL PARRA\u201d"},"content":{"rendered":"\n<p>Con el fin de fomentar la creaci\u00f3n y la expresividad art\u00edstica entre el alumnado de secundaria matriculado en centros p\u00fablicos de Jerez de la Frontera, el IES Seritium convoca su II Certamen de microcuentos ilustrados en homenaje al artista multidisciplinar Miguel Parra, profesor de este centro hasta su jubilaci\u00f3n en 2020.<\/p>\n\n\n\n<figure class=\"wp-block-image size-large\"><img loading=\"lazy\" decoding=\"async\" width=\"768\" height=\"1024\" src=\"https:\/\/www.seritium.es\/wordpress\/wp-content\/uploads\/2022\/11\/09e29bd7-aedc-4bf8-abd5-c10683d12eae-768x1024.jpg\" alt=\"\" class=\"wp-image-2927\" srcset=\"https:\/\/www.seritium.es\/wordpress\/wp-content\/uploads\/2022\/11\/09e29bd7-aedc-4bf8-abd5-c10683d12eae-768x1025.jpg 768w, https:\/\/www.seritium.es\/wordpress\/wp-content\/uploads\/2022\/11\/09e29bd7-aedc-4bf8-abd5-c10683d12eae-225x300.jpg 225w, https:\/\/www.seritium.es\/wordpress\/wp-content\/uploads\/2022\/11\/09e29bd7-aedc-4bf8-abd5-c10683d12eae-1151x1536.jpg 1151w, https:\/\/www.seritium.es\/wordpress\/wp-content\/uploads\/2022\/11\/09e29bd7-aedc-4bf8-abd5-c10683d12eae.jpg 1535w\" sizes=\"auto, (max-width: 768px) 100vw, 768px\" \/><figcaption><em>Ilustraci\u00f3n de Miguel Parra<\/em><\/figcaption><\/figure>\n\n\n\n<p>Las BASES por las que se rige el certamen son las siguientes:<\/p>\n\n\n\n<ul class=\"wp-block-list\" type=\"I\"><li>PARTICIPANTES:<ol><li>Podr\u00e1 participar <strong>cualquier alumno\/a matriculado\/a en un IES p\u00fablico de Jerez de la Frontera.<\/strong><\/li><\/ol><\/li><\/ul>\n\n\n\n<ul class=\"wp-block-list\" type=\"I\"><li>REQUISITOS DE LAS OBRAS:<ol><li>Los\/as participantes deber\u00e1n entregar un \u201cmicrocuento ilustrado\u201d, entendiendo como tal un relato muy breve acompa\u00f1ado de imagen, y que se ajustar\u00e1 a las caracter\u00edsticas que se indican a continuaci\u00f3n:<\/li><li>El tema de las obras ser\u00e1 libre.<\/li><li><strong>Cada obra, que incluye microcuento e ilustraci\u00f3n de creaci\u00f3n propias, se entregar\u00e1 en formato A4, con impresi\u00f3n inform\u00e1tica y mediante el sistema de plica.<\/strong><\/li><li>El microcuento, que deber\u00e1 llevar t\u00edtulo, tendr\u00e1 <strong>una extensi\u00f3n m\u00e1xima de 175 palabras<\/strong>.<\/li><li>La ilustraci\u00f3n puede ser un dibujo, imagen, fotograf\u00eda original u otro tipo de expresi\u00f3n art\u00edstica que transmita el contenido del texto. <strong>Queremos que nos sorprend\u00e1is<\/strong>. Se valorar\u00e1 el paralelismo entre la ilustraci\u00f3n y el microcuento.<\/li><\/ol><\/li><\/ul>\n\n\n\n<ul class=\"wp-block-list\" type=\"I\"><li>MODO DE PARTICIPAR:<ol><li>Cada obra estar\u00e1 firmada por una \u00fanica persona y <strong>necesariamente con seud\u00f3nimo<\/strong>.<\/li><li><strong>Plica:<\/strong> cada obra ir\u00e1 acompa\u00f1ada de un sobre aparte, cerrado, donde figurar\u00e1, en una de sus caras, el t\u00edtulo de la obra y su seud\u00f3nimo. Dentro del sobre, en folio, estar\u00e1 la plica con los siguientes datos: t\u00edtulo de la obra y seud\u00f3nimo, nombre real del participante (nombre y dos apellidos), curso y centro en el que se encuentra matriculado, y un n\u00famero de tel\u00e9fono de contacto.<\/li><li>Cada autor\/a deber\u00e1 participar con <strong>una \u00fanica obra, original, in\u00e9dita y no premiada anteriormente<\/strong>.<\/li><li>Los trabajos deber\u00e1n ser enviados a la atenci\u00f3n del departamento de LCL del IES Seritium, Avda. de \u00c1msterdam s\/n. 11405. Jerez de la Frontera.<\/li><li><strong>El plazo de recepci\u00f3n de las obras finaliza el 28 de febrero de 2023<\/strong>.<\/li><\/ol><\/li><\/ul>\n\n\n\n<ul class=\"wp-block-list\" type=\"I\"><li>FALLO DEL JURADO Y ENTREGA DE PREMIOS:<ol><li><strong>El fallo del jurado se dar\u00e1 a conocer durante la tercera semana del mes de abril de 2023<\/strong>.<\/li><li><strong>La entrega de premios tendr\u00e1 lugar el viernes 21 de abril<\/strong>, dentro de la programaci\u00f3n de actividades organizadas por el centro para la conmemoraci\u00f3n del d\u00eda del libro.<\/li><li>Se establecen dos premios en cada una de sus tres categor\u00edas:<ol><li>&nbsp;Primer premio: por valor de 100 \u20ac.<\/li><\/ol><ol><li>&nbsp;Acc\u00e9sit: por valor de 50 \u20ac.<\/li><\/ol><\/li><li>Categor\u00edas:<ol><li>Primera categor\u00eda (1\u00ba y 2\u00ba de ESO).<\/li><\/ol><ol><li>Segunda categor\u00eda (3\u00ba y 4\u00ba de ESO).<\/li><\/ol><ol><li>Tercera categor\u00eda (1\u00ba y 2\u00ba de Bachillerato).<\/li><\/ol><\/li><\/ol><\/li><\/ul>\n\n\n\n<ul class=\"wp-block-list\"><li>&nbsp;El jurado calificador ser\u00e1 el \u00fanico que decida sobre las dudas que puedan originar estas bases, siendo su fallo inapelable y reserv\u00e1ndose el derecho a dejar desierto cualquiera de los premios.<\/li><\/ul>\n\n\n\n<ul class=\"wp-block-list\"><li>La participaci\u00f3n en este certamen implica la plena aceptaci\u00f3n de sus bases.<\/li><\/ul>\n","protected":false},"excerpt":{"rendered":"<p>Con el fin de fomentar la creaci\u00f3n y la expresividad art\u00edstica entre el alumnado de secundaria matriculado en centros p\u00fablicos de Jerez de la Frontera,&hellip; <\/p>\n","protected":false},"author":5,"featured_media":3183,"comment_status":"open","ping_status":"closed","sticky":false,"template":"","format":"standard","meta":{"footnotes":"","jetpack_publicize_message":"","jetpack_publicize_feature_enabled":true,"jetpack_social_post_already_shared":false,"jetpack_social_options":{"image_generator_settings":{"template":"highway","default_image_id":0,"font":"","enabled":false},"version":2}},"categories":[224],"tags":[],"class_list":["post-2921","post","type-post","status-publish","format-standard","has-post-thumbnail","hentry","category-creatividad-en-el-seritium"],"jetpack_publicize_connections":[],"_links":{"self":[{"href":"https:\/\/www.seritium.es\/wordpress\/index.php\/wp-json\/wp\/v2\/posts\/2921","targetHints":{"allow":["GET"]}}],"collection":[{"href":"https:\/\/www.seritium.es\/wordpress\/index.php\/wp-json\/wp\/v2\/posts"}],"about":[{"href":"https:\/\/www.seritium.es\/wordpress\/index.php\/wp-json\/wp\/v2\/types\/post"}],"author":[{"embeddable":true,"href":"https:\/\/www.seritium.es\/wordpress\/index.php\/wp-json\/wp\/v2\/users\/5"}],"replies":[{"embeddable":true,"href":"https:\/\/www.seritium.es\/wordpress\/index.php\/wp-json\/wp\/v2\/comments?post=2921"}],"version-history":[{"count":6,"href":"https:\/\/www.seritium.es\/wordpress\/index.php\/wp-json\/wp\/v2\/posts\/2921\/revisions"}],"predecessor-version":[{"id":2932,"href":"https:\/\/www.seritium.es\/wordpress\/index.php\/wp-json\/wp\/v2\/posts\/2921\/revisions\/2932"}],"wp:featuredmedia":[{"embeddable":true,"href":"https:\/\/www.seritium.es\/wordpress\/index.php\/wp-json\/wp\/v2\/media\/3183"}],"wp:attachment":[{"href":"https:\/\/www.seritium.es\/wordpress\/index.php\/wp-json\/wp\/v2\/media?parent=2921"}],"wp:term":[{"taxonomy":"category","embeddable":true,"href":"https:\/\/www.seritium.es\/wordpress\/index.php\/wp-json\/wp\/v2\/categories?post=2921"},{"taxonomy":"post_tag","embeddable":true,"href":"https:\/\/www.seritium.es\/wordpress\/index.php\/wp-json\/wp\/v2\/tags?post=2921"}],"curies":[{"name":"wp","href":"https:\/\/api.w.org\/{rel}","templated":true}]}}