{"id":3175,"date":"2024-03-04T18:19:12","date_gmt":"2024-03-04T17:19:12","guid":{"rendered":"https:\/\/www.seritium.es\/wordpress\/?p=3175"},"modified":"2025-03-13T21:16:45","modified_gmt":"2025-03-13T20:16:45","slug":"iii-certamen-de-microcuentos-ilustrados-miguel-parra","status":"publish","type":"post","link":"https:\/\/www.seritium.es\/wordpress\/index.php\/2024\/03\/04\/iii-certamen-de-microcuentos-ilustrados-miguel-parra\/","title":{"rendered":"III CERTAMEN DE MICROCUENTOS ILUSTRADOS MIGUEL PARRA"},"content":{"rendered":"\n<p>Con el fin de fomentar la creaci\u00f3n y la expresividad art\u00edstica entre el alumnado de Secundaria y Bachillerato matriculado en centros p\u00fablicos de Jerez de la Frontera, el IES Seritium convoca su <strong>III Certamen de microcuentos ilustrados<\/strong> en homenaje al artista multidisciplinar <strong>Miguel Parra<\/strong>, profesor de este centro hasta su jubilaci\u00f3n en 2020.<\/p>\n\n\n\n<figure class=\"wp-block-image size-large\"><img loading=\"lazy\" decoding=\"async\" width=\"768\" height=\"1024\" src=\"https:\/\/www.seritium.es\/wordpress\/wp-content\/uploads\/2024\/03\/9fd37906-9042-4abc-a769-253f6b885832-768x1024.jpg\" alt=\"\" class=\"wp-image-3183\" srcset=\"https:\/\/www.seritium.es\/wordpress\/wp-content\/uploads\/2024\/03\/9fd37906-9042-4abc-a769-253f6b885832-768x1025.jpg 768w, https:\/\/www.seritium.es\/wordpress\/wp-content\/uploads\/2024\/03\/9fd37906-9042-4abc-a769-253f6b885832-225x300.jpg 225w, https:\/\/www.seritium.es\/wordpress\/wp-content\/uploads\/2024\/03\/9fd37906-9042-4abc-a769-253f6b885832-1151x1536.jpg 1151w, https:\/\/www.seritium.es\/wordpress\/wp-content\/uploads\/2024\/03\/9fd37906-9042-4abc-a769-253f6b885832.jpg 1535w\" sizes=\"auto, (max-width: 768px) 100vw, 768px\" \/><\/figure>\n\n\n\n\n\n<p><\/p>\n\n\n\n<p>Las BASES por las que se rige el certamen son las siguientes:<\/p>\n\n\n\n<ol style=\"list-style-type:upper-roman\" class=\"wp-block-list\">\n<li>PARTICIPANTES:\n<ol class=\"wp-block-list\">\n<li>Podr\u00e1 participar cualquier alumno\/a matriculado\/a en un IES p\u00fablico de Jerez de la Frontera.<\/li>\n<\/ol>\n<\/li>\n<\/ol>\n\n\n\n<ol style=\"list-style-type:upper-roman\" class=\"wp-block-list\">\n<li>REQUISITOS DE LAS OBRAS:<ol><li>Los\/as participantes deber\u00e1n entregar un \u201cmicrocuento ilustrado\u201d, entendiendo como tal un relato muy breve acompa\u00f1ado de imagen, y que se ajustar\u00e1 a las caracter\u00edsticas que se indican a continuaci\u00f3n:<\/li><\/ol><ol><li>El tema de las obras ser\u00e1 libre.<\/li><\/ol><ol><li>Cada obra, que incluye <strong>microcuento e ilustraci<\/strong><strong>\u00f3<\/strong><strong>n de creaci<\/strong><strong>\u00f3<\/strong><strong>n propias<\/strong>, se entregar\u00e1 en formato definitivo <strong>A4<\/strong>, acompa\u00f1ado de seud\u00f3nimo y plica. La plica ser\u00e1 proporcionada por el centro IES Seritium durante las distintas fases del certamen.<\/li><\/ol><ol><li>El microcuento, que deber\u00e1 llevar t\u00edtulo, tendr\u00e1 <strong>una extensi<\/strong><strong>\u00f3n m\u00e1<\/strong><strong>xima de 175 palabras<\/strong>.<\/li><\/ol>\n<ol class=\"wp-block-list\">\n<li>La ilustraci\u00f3n puede ser cualquier tipo de expresi\u00f3n gr\u00e1fica o pl\u00e1stica (dibujo, ilustraci\u00f3n, dise\u00f1o, etc.) que transmita el contenido del texto. <strong>Queremos que nos sorprend<\/strong><strong>\u00e1is<\/strong>. Se valorar\u00e1 el paralelismo entre la ilustraci\u00f3n y el microcuento.<\/li>\n<\/ol>\n<\/li>\n<\/ol>\n\n\n\n<ol style=\"list-style-type:upper-roman\" class=\"wp-block-list\">\n<li>MODO DE PARTICIPAR:<ol><li>Cada obra estar\u00e1 firmada por una \u00fanica persona.<\/li><\/ol><ol><li>Cada autor\/a deber\u00e1 participar con una \u00fanica obra.<\/li><\/ol><ol><li><strong>Con el prop\u00f3sito de evitar el uso de la Inteligencia Artificial (IA), as\u00ed como fomentar la creaci\u00f3n individual propia y estimular la originalidad, los microcuentos<\/strong><strong> se <\/strong><strong>realizar\u00e1n en la SUM del IES Seritium, y en diferentes fases, a lo largo del mes de abril. <\/strong>(V\u00e9ase<strong> ANEXO <\/strong>sobre las fases del concurso).<strong><\/strong><\/li><\/ol>\n<ol class=\"wp-block-list\">\n<li>Los d\u00edas y las horas en los que se llevar\u00e1 a cabo la actividad ser\u00e1n convenientemente publicitados por diversos medios (P\u00e1gina Web, Facebook, Instagram, Biblioteca, etc.)<\/li>\n<\/ol>\n<\/li>\n<\/ol>\n\n\n\n<ol style=\"list-style-type:upper-roman\" class=\"wp-block-list\">\n<li>JURADO Y FALLO DE LOS PREMIOS:<ol><li>El jurado estar\u00e1 constituido por profesores\/as de distintos departamentos did\u00e1cticos del IES Seritium.<\/li><\/ol>\n<ol class=\"wp-block-list\">\n<li><strong>El fallo del jurado se dar<\/strong><strong>\u00e1 <\/strong><strong>a conocer durante el tercer trimestre del curso 2023-2024.<\/strong><\/li>\n<\/ol>\n<\/li>\n<\/ol>\n\n\n\n<ul class=\"wp-block-list\">\n<li>ENTREGA DE PREMIOS:<ul><li><strong>La entrega de premios tendr<\/strong><strong>\u00e1 <\/strong><strong>lugar en el mes de junio<\/strong><strong>.<\/strong><strong><\/strong><\/li><\/ul><ul><li>Se establecen dos premios en cada una de las tres categor\u00edas:<ul><li>&nbsp;Primer premio: Tarjeta regalo por valor de 100 \u20ac&nbsp; m\u00e1s obsequio personalizado.<\/li><\/ul><ul><li>&nbsp;Accesit: Tarjeta regalo por valor de 50 \u20ac m\u00e1s obsequio personalizado.<\/li><\/ul><\/li><\/ul>\n<ul class=\"wp-block-list\">\n<li>Categor\u00edas:<ul><li>Primera categor\u00eda (1\u00ba y 2\u00ba de ESO).<\/li><\/ul><ul><li>Segunda categor\u00eda (3\u00ba y 4\u00ba de ESO).<\/li><\/ul>\n<ul class=\"wp-block-list\">\n<li>Tercera categor\u00eda (1\u00ba y 2\u00ba de Bachillerato).<\/li>\n<\/ul>\n<\/li>\n<\/ul>\n<\/li>\n<\/ul>\n\n\n\n<ul class=\"wp-block-list\">\n<li>&nbsp;El jurado calificador ser\u00e1 el \u00fanico que decida sobre las dudas que puedan originar estas bases, siendo su fallo inapelable y reserv\u00e1ndose el derecho a dejar desierto cualquiera de los premios.<\/li>\n<\/ul>\n\n\n\n<ul class=\"wp-block-list\">\n<li>La participaci\u00f3n en este certamen implica la plena aceptaci\u00f3n de sus bases.<\/li>\n<\/ul>\n\n\n\n<p><strong>ANEXO SOBRE LAS FASES DE CONCURSO<\/strong><\/p>\n\n\n\n<p>La participaci\u00f3n en el <strong>III Certamen de Microcuentos Ilustrados Miguel Parra<\/strong> se realizar\u00e1 atendiendo a los siguientes criterios:<\/p>\n\n\n\n<ol style=\"list-style-type:1\" class=\"wp-block-list\">\n<li>La elaboraci\u00f3n del microcuento se har\u00e1 <strong>de manera presencial en la SUM del IES Seritium<\/strong> a lo largo del mes de abril.<\/li>\n\n\n\n<li>Para ello, el I.E.S. Seritium abrir\u00e1 sus puertas los <strong>mi\u00e9rcoles de 17:00h. a 18:30h<\/strong>; es decir, <strong>los d\u00edas 3, 10, 17 y 24 de abril.<\/strong><\/li>\n\n\n\n<li>Previendo que un microcuento de calidad no se realiza en una hora y media, el alumnado podr\u00e1 iniciar su microcuento el d\u00eda 3 de abril, o en mi\u00e9rcoles sucesivos, y completarlo, en la SUM del I.E.S. Seritium, hasta el d\u00eda 24 de abril.<\/li>\n\n\n\n<li>El IES Seritium proporcionar\u00e1, \u00fanica y exclusivamente los siguientes materiales para la realizaci\u00f3n del microcuento: folios en blanco, una plantilla de escritura, el modelo para la PLICA, y el sobre que ha de garantizar el anonimato.<\/li>\n\n\n\n<li><strong>El IES Seritium NO proporcionar\u00e1 ning\u00fan material de escritura.<\/strong> El alumnado que desee participar en el Certamen deber\u00e1 traer de casa los materiales que vaya a necesitar para la realizaci\u00f3n de su microcuento (l\u00e1pices, bol\u00edgrafos, material de dibujo, reglas, comp\u00e1s, rotuladores, colores, acuarelas, etc.).<\/li>\n\n\n\n<li>Los distintos borradores del microcuento se conservar\u00e1n en el mismo sobre de la plica.<\/li>\n<\/ol>\n","protected":false},"excerpt":{"rendered":"<p>Con el fin de fomentar la creaci\u00f3n y la expresividad art\u00edstica entre el alumnado de Secundaria y Bachillerato matriculado en centros p\u00fablicos de Jerez de&hellip; <\/p>\n","protected":false},"author":5,"featured_media":2927,"comment_status":"open","ping_status":"closed","sticky":false,"template":"","format":"aside","meta":{"footnotes":"","jetpack_publicize_message":"","jetpack_publicize_feature_enabled":true,"jetpack_social_post_already_shared":true,"jetpack_social_options":{"image_generator_settings":{"template":"highway","default_image_id":0,"font":"","enabled":false},"version":2}},"categories":[224,220],"tags":[],"class_list":["post-3175","post","type-post","status-publish","format-aside","has-post-thumbnail","hentry","category-creatividad-en-el-seritium","category-concursos-y-retos","post_format-post-format-aside"],"jetpack_publicize_connections":[],"_links":{"self":[{"href":"https:\/\/www.seritium.es\/wordpress\/index.php\/wp-json\/wp\/v2\/posts\/3175","targetHints":{"allow":["GET"]}}],"collection":[{"href":"https:\/\/www.seritium.es\/wordpress\/index.php\/wp-json\/wp\/v2\/posts"}],"about":[{"href":"https:\/\/www.seritium.es\/wordpress\/index.php\/wp-json\/wp\/v2\/types\/post"}],"author":[{"embeddable":true,"href":"https:\/\/www.seritium.es\/wordpress\/index.php\/wp-json\/wp\/v2\/users\/5"}],"replies":[{"embeddable":true,"href":"https:\/\/www.seritium.es\/wordpress\/index.php\/wp-json\/wp\/v2\/comments?post=3175"}],"version-history":[{"count":6,"href":"https:\/\/www.seritium.es\/wordpress\/index.php\/wp-json\/wp\/v2\/posts\/3175\/revisions"}],"predecessor-version":[{"id":3466,"href":"https:\/\/www.seritium.es\/wordpress\/index.php\/wp-json\/wp\/v2\/posts\/3175\/revisions\/3466"}],"wp:featuredmedia":[{"embeddable":true,"href":"https:\/\/www.seritium.es\/wordpress\/index.php\/wp-json\/wp\/v2\/media\/2927"}],"wp:attachment":[{"href":"https:\/\/www.seritium.es\/wordpress\/index.php\/wp-json\/wp\/v2\/media?parent=3175"}],"wp:term":[{"taxonomy":"category","embeddable":true,"href":"https:\/\/www.seritium.es\/wordpress\/index.php\/wp-json\/wp\/v2\/categories?post=3175"},{"taxonomy":"post_tag","embeddable":true,"href":"https:\/\/www.seritium.es\/wordpress\/index.php\/wp-json\/wp\/v2\/tags?post=3175"}],"curies":[{"name":"wp","href":"https:\/\/api.w.org\/{rel}","templated":true}]}}