{"id":3186,"date":"2024-03-31T12:51:01","date_gmt":"2024-03-31T10:51:01","guid":{"rendered":"https:\/\/www.seritium.es\/wordpress\/?p=3186"},"modified":"2024-06-09T19:59:21","modified_gmt":"2024-06-09T17:59:21","slug":"proyecto-co-periodismo-cooperacion-coeducacion-compromiso-y-convivencia","status":"publish","type":"post","link":"https:\/\/www.seritium.es\/wordpress\/index.php\/2024\/03\/31\/proyecto-co-periodismo-cooperacion-coeducacion-compromiso-y-convivencia\/","title":{"rendered":"Proyecto Co-periodismo (cooperaci\u00f3n, coeducaci\u00f3n, compromiso y convivencia)"},"content":{"rendered":"\n<p>El proyecto de relaci\u00f3n interterritorial con Canarias y Cantabria ya se ha puesto en marcha. Un grupo de chicos y chicas van a trabajar sobre el tema de los colectivos de mujeres vulnerables. En nuestro caso, el tema es el de las mujeres gitanas. En abril recibiremos la visita de nuestros socios del norte y del sur. Tenemos una serie de actividades muy interesantes preparadas para esos d\u00edas que recogeremos en una revista final. Cada encuentro que se celebre tendr\u00e1 tambi\u00e9n como resultado una revista que utilizaremos en clase, tanto en formato digital como en papel.<\/p>\n\n\n\n<figure class=\"wp-block-image size-large\"><img loading=\"lazy\" decoding=\"async\" width=\"1024\" height=\"461\" src=\"https:\/\/www.seritium.es\/wordpress\/wp-content\/uploads\/2024\/03\/agrupaciones-1024x461.jpeg\" alt=\"\" class=\"wp-image-3187\" srcset=\"https:\/\/www.seritium.es\/wordpress\/wp-content\/uploads\/2024\/03\/agrupaciones-1024x461.jpeg 1024w, https:\/\/www.seritium.es\/wordpress\/wp-content\/uploads\/2024\/03\/agrupaciones-300x135.jpeg 300w, https:\/\/www.seritium.es\/wordpress\/wp-content\/uploads\/2024\/03\/agrupaciones-768x346.jpeg 768w, https:\/\/www.seritium.es\/wordpress\/wp-content\/uploads\/2024\/03\/agrupaciones-1536x692.jpeg 1536w, https:\/\/www.seritium.es\/wordpress\/wp-content\/uploads\/2024\/03\/agrupaciones.jpeg 2048w\" sizes=\"auto, (max-width: 1024px) 100vw, 1024px\" \/><\/figure>\n","protected":false},"excerpt":{"rendered":"<p>El proyecto de relaci\u00f3n interterritorial con Canarias y Cantabria ya se ha puesto en marcha. Un grupo de chicos y chicas van a trabajar sobre&hellip; <\/p>\n","protected":false},"author":2,"featured_media":3188,"comment_status":"closed","ping_status":"closed","sticky":false,"template":"","format":"standard","meta":{"footnotes":"","jetpack_publicize_message":"","jetpack_publicize_feature_enabled":true,"jetpack_social_post_already_shared":true,"jetpack_social_options":{"image_generator_settings":{"template":"highway","default_image_id":0,"font":"","enabled":false},"version":2}},"categories":[321,314,281,234,1],"tags":[322],"class_list":["post-3186","post","type-post","status-publish","format-standard","has-post-thumbnail","hentry","category-agrupaciones-escolares","category-curso-2023_2024","category-proyectos","category-igualdad_coeducacion","category-sin-categoria","tag-agrupaciones"],"jetpack_publicize_connections":[],"_links":{"self":[{"href":"https:\/\/www.seritium.es\/wordpress\/index.php\/wp-json\/wp\/v2\/posts\/3186","targetHints":{"allow":["GET"]}}],"collection":[{"href":"https:\/\/www.seritium.es\/wordpress\/index.php\/wp-json\/wp\/v2\/posts"}],"about":[{"href":"https:\/\/www.seritium.es\/wordpress\/index.php\/wp-json\/wp\/v2\/types\/post"}],"author":[{"embeddable":true,"href":"https:\/\/www.seritium.es\/wordpress\/index.php\/wp-json\/wp\/v2\/users\/2"}],"replies":[{"embeddable":true,"href":"https:\/\/www.seritium.es\/wordpress\/index.php\/wp-json\/wp\/v2\/comments?post=3186"}],"version-history":[{"count":1,"href":"https:\/\/www.seritium.es\/wordpress\/index.php\/wp-json\/wp\/v2\/posts\/3186\/revisions"}],"predecessor-version":[{"id":3189,"href":"https:\/\/www.seritium.es\/wordpress\/index.php\/wp-json\/wp\/v2\/posts\/3186\/revisions\/3189"}],"wp:featuredmedia":[{"embeddable":true,"href":"https:\/\/www.seritium.es\/wordpress\/index.php\/wp-json\/wp\/v2\/media\/3188"}],"wp:attachment":[{"href":"https:\/\/www.seritium.es\/wordpress\/index.php\/wp-json\/wp\/v2\/media?parent=3186"}],"wp:term":[{"taxonomy":"category","embeddable":true,"href":"https:\/\/www.seritium.es\/wordpress\/index.php\/wp-json\/wp\/v2\/categories?post=3186"},{"taxonomy":"post_tag","embeddable":true,"href":"https:\/\/www.seritium.es\/wordpress\/index.php\/wp-json\/wp\/v2\/tags?post=3186"}],"curies":[{"name":"wp","href":"https:\/\/api.w.org\/{rel}","templated":true}]}}