{"id":3228,"date":"2024-06-11T08:49:38","date_gmt":"2024-06-11T06:49:38","guid":{"rendered":"https:\/\/www.seritium.es\/wordpress\/?p=3228"},"modified":"2024-10-29T19:12:27","modified_gmt":"2024-10-29T18:12:27","slug":"admision-ciclo-formativo-y-fp-dual","status":"publish","type":"post","link":"https:\/\/www.seritium.es\/wordpress\/index.php\/2024\/06\/11\/admision-ciclo-formativo-y-fp-dual\/","title":{"rendered":"Admisi\u00f3n ciclo formativo y FP-Dual"},"content":{"rendered":"\n<p>En esta entrada encontrar\u00e1s informaci\u00f3n referente al ciclo formativo.<\/p>\n\n\n\n<p>Enlace al tr\u00e1mite  en la secretar\u00eda virtual para la admisi\u00f3n: <a href=\"https:\/\/www.juntadeandalucia.es\/educacion\/secretariavirtual\/accesoTramite\/317\/\" target=\"_blank\" rel=\"noreferrer noopener\">https:\/\/www.juntadeandalucia.es\/educacion\/secretariavirtual\/accesoTramite\/317\/<\/a> <\/p>\n\n\n\n<p>A) Admisi\u00f3n<\/p>\n\n\n\n<p>B) FP-Dual, v\u00eddeo informativo y compromiso FP-DUAL para descargar.<\/p>\n\n\n\n<hr class=\"wp-block-separator has-alpha-channel-opacity\"\/>\n\n\n\n<h2 class=\"wp-block-heading has-pale-cyan-blue-background-color has-text-color has-background has-medium-font-size\" style=\"color:#542183;text-decoration:underline\">A) ADMISI\u00d3N<\/h2>\n\n\n\n<div data-wp-interactive=\"core\/file\" class=\"wp-block-file\"><object data-wp-bind--hidden=\"!state.hasPdfPreview\" hidden class=\"wp-block-file__embed\" data=\"https:\/\/www.seritium.es\/wordpress\/wp-content\/uploads\/2024\/06\/Matriculacion-CFGS.pdf\" type=\"application\/pdf\" style=\"width:100%;height:600px\" aria-label=\"Incrustado de Matriculaci\u00f3n CFGS.\"><\/object><a id=\"wp-block-file--media-464cfd5a-7bba-46d5-a4a7-8d201ff401f4\" href=\"https:\/\/www.seritium.es\/wordpress\/wp-content\/uploads\/2024\/06\/Matriculacion-CFGS.pdf\">Matriculaci\u00f3n CFGS<\/a><a href=\"https:\/\/www.seritium.es\/wordpress\/wp-content\/uploads\/2024\/06\/Matriculacion-CFGS.pdf\" class=\"wp-block-file__button wp-element-button\" download aria-describedby=\"wp-block-file--media-464cfd5a-7bba-46d5-a4a7-8d201ff401f4\">Descarga<\/a><\/div>\n\n\n\n<div style=\"height:29px\" aria-hidden=\"true\" class=\"wp-block-spacer\"><\/div>\n\n\n\n<hr class=\"wp-block-separator has-alpha-channel-opacity\"\/>\n\n\n\n<div style=\"height:29px\" aria-hidden=\"true\" class=\"wp-block-spacer\"><\/div>\n\n\n\n<h2 class=\"wp-block-heading has-pale-cyan-blue-background-color has-text-color has-background has-medium-font-size\" style=\"color:#542183;text-decoration:underline\">B) FP-DUAL<\/h2>\n\n\n\n<p>Se ha abierto el plazo de admisi\u00f3n para el acceso al Ciclo Superior de Acondicionamiento F\u00edsico del IES SERITIUM .<\/p>\n\n\n\n<p>El pr\u00f3ximo&nbsp; mes de Septiembre el alumnado que acceda a los estudios realizar\u00e1n una formaci\u00f3n DUAL , en el centro y en la empresa.<\/p>\n\n\n\n<p>Adjunto puedes ver un v\u00eddeo donde se explica el ciclo, los m\u00f3dulos que hay y las caracter\u00edsticas de la formaci\u00f3n que se adquiere.<\/p>\n\n\n\n<p>A continuaci\u00f3n, encontrar\u00e9is un documento de compromiso informativo que ser\u00e1 necesario firmar los primeros d\u00edas de clase. Lo ten\u00e9is disponible para su descarga. <\/p>\n\n\n\n<figure class=\"wp-block-embed is-type-video is-provider-youtube wp-block-embed-youtube wp-embed-aspect-16-9 wp-has-aspect-ratio\"><div class=\"wp-block-embed__wrapper\">\n<iframe loading=\"lazy\" title=\"FP DUAL - TSAF IES SERITIUM\" width=\"790\" height=\"444\" src=\"https:\/\/www.youtube.com\/embed\/F28ZRFf_Ar8?feature=oembed\" frameborder=\"0\" allow=\"accelerometer; autoplay; clipboard-write; encrypted-media; gyroscope; picture-in-picture; web-share\" referrerpolicy=\"strict-origin-when-cross-origin\" allowfullscreen><\/iframe>\n<\/div><figcaption class=\"wp-element-caption\"><strong><mark style=\"background-color:rgba(0, 0, 0, 0);color:#194e6f\" class=\"has-inline-color\">FP DUAL &#8211; TSAF IES Seritium<\/mark><\/strong><\/figcaption><\/figure>\n\n\n\n<div data-wp-interactive=\"core\/file\" class=\"wp-block-file\"><object data-wp-bind--hidden=\"!state.hasPdfPreview\" hidden class=\"wp-block-file__embed\" data=\"https:\/\/www.seritium.es\/wordpress\/wp-content\/uploads\/2024\/06\/MODELO-COMPROMISO-DISPONIBILIDAD-MATRICULA-FP-DUAL.pdf\" type=\"application\/pdf\" style=\"width:100%;height:600px\" aria-label=\"Incrustado de MODELO COMPROMISO DISPONIBILIDAD MATRICULA FP DUAL.\"><\/object><a id=\"wp-block-file--media-8c8cf1d2-8003-42c0-9a51-8ef23d15345d\" href=\"https:\/\/www.seritium.es\/wordpress\/wp-content\/uploads\/2024\/06\/MODELO-COMPROMISO-DISPONIBILIDAD-MATRICULA-FP-DUAL.pdf\">MODELO COMPROMISO DISPONIBILIDAD MATRICULA FP DUAL<\/a><a href=\"https:\/\/www.seritium.es\/wordpress\/wp-content\/uploads\/2024\/06\/MODELO-COMPROMISO-DISPONIBILIDAD-MATRICULA-FP-DUAL.pdf\" class=\"wp-block-file__button wp-element-button\" download aria-describedby=\"wp-block-file--media-8c8cf1d2-8003-42c0-9a51-8ef23d15345d\">Descarga<\/a><\/div>\n","protected":false},"excerpt":{"rendered":"<p>En esta entrada encontrar\u00e1s informaci\u00f3n referente al ciclo formativo. Enlace al tr\u00e1mite en la secretar\u00eda virtual para la admisi\u00f3n: https:\/\/www.juntadeandalucia.es\/educacion\/secretariavirtual\/accesoTramite\/317\/ A) Admisi\u00f3n B) FP-Dual, v\u00eddeo&hellip; <\/p>\n","protected":false},"author":1,"featured_media":2714,"comment_status":"closed","ping_status":"closed","sticky":false,"template":"","format":"standard","meta":{"footnotes":"","jetpack_publicize_message":"","jetpack_publicize_feature_enabled":true,"jetpack_social_post_already_shared":true,"jetpack_social_options":{"image_generator_settings":{"template":"highway","default_image_id":0,"font":"","enabled":false},"version":2}},"categories":[320,238,239,240,235,162],"tags":[323,324],"class_list":["post-3228","post","type-post","status-publish","format-standard","has-post-thumbnail","hentry","category-curso-2024_2025","category-avisos","category-importantes","category-novedades","category-tablon-de-anuncios","category-ciclo-formativo","tag-admision","tag-fp-dual"],"jetpack_publicize_connections":[],"_links":{"self":[{"href":"https:\/\/www.seritium.es\/wordpress\/index.php\/wp-json\/wp\/v2\/posts\/3228","targetHints":{"allow":["GET"]}}],"collection":[{"href":"https:\/\/www.seritium.es\/wordpress\/index.php\/wp-json\/wp\/v2\/posts"}],"about":[{"href":"https:\/\/www.seritium.es\/wordpress\/index.php\/wp-json\/wp\/v2\/types\/post"}],"author":[{"embeddable":true,"href":"https:\/\/www.seritium.es\/wordpress\/index.php\/wp-json\/wp\/v2\/users\/1"}],"replies":[{"embeddable":true,"href":"https:\/\/www.seritium.es\/wordpress\/index.php\/wp-json\/wp\/v2\/comments?post=3228"}],"version-history":[{"count":5,"href":"https:\/\/www.seritium.es\/wordpress\/index.php\/wp-json\/wp\/v2\/posts\/3228\/revisions"}],"predecessor-version":[{"id":3249,"href":"https:\/\/www.seritium.es\/wordpress\/index.php\/wp-json\/wp\/v2\/posts\/3228\/revisions\/3249"}],"wp:featuredmedia":[{"embeddable":true,"href":"https:\/\/www.seritium.es\/wordpress\/index.php\/wp-json\/wp\/v2\/media\/2714"}],"wp:attachment":[{"href":"https:\/\/www.seritium.es\/wordpress\/index.php\/wp-json\/wp\/v2\/media?parent=3228"}],"wp:term":[{"taxonomy":"category","embeddable":true,"href":"https:\/\/www.seritium.es\/wordpress\/index.php\/wp-json\/wp\/v2\/categories?post=3228"},{"taxonomy":"post_tag","embeddable":true,"href":"https:\/\/www.seritium.es\/wordpress\/index.php\/wp-json\/wp\/v2\/tags?post=3228"}],"curies":[{"name":"wp","href":"https:\/\/api.w.org\/{rel}","templated":true}]}}