{"id":554,"date":"2020-05-21T19:50:25","date_gmt":"2020-05-21T17:50:25","guid":{"rendered":"https:\/\/www.seritium.es\/wordpress\/?p=554"},"modified":"2022-09-23T22:27:27","modified_gmt":"2022-09-23T20:27:27","slug":"que-va-a-pasar-con-el-proyecto-erasmus","status":"publish","type":"post","link":"https:\/\/www.seritium.es\/wordpress\/index.php\/2020\/05\/21\/que-va-a-pasar-con-el-proyecto-erasmus\/","title":{"rendered":"\u00bfQu\u00e9 va a pasar con el Proyecto Erasmus+?"},"content":{"rendered":"<div class=\"wp-block-image\">\n<figure class=\"aligncenter size-full is-resized\"><img loading=\"lazy\" decoding=\"async\" src=\"https:\/\/www.seritium.es\/wordpress\/wp-content\/uploads\/2022\/09\/fundingERASMUS.jpg\" alt=\"\" class=\"wp-image-2839\" width=\"500\" height=\"102\" srcset=\"https:\/\/www.seritium.es\/wordpress\/wp-content\/uploads\/2022\/09\/fundingERASMUS.jpg 1000w, https:\/\/www.seritium.es\/wordpress\/wp-content\/uploads\/2022\/09\/fundingERASMUS-300x62.jpg 300w, https:\/\/www.seritium.es\/wordpress\/wp-content\/uploads\/2022\/09\/fundingERASMUS-768x157.jpg 768w\" sizes=\"auto, (max-width: 500px) 100vw, 500px\" \/><\/figure>\n<\/div>\n\n\n<p>Hace unos d\u00edas tuvimos una reuni\u00f3n por videollamada con nuestros colegas del Erasmus. El encuentro de profesores y estudiantes que iba a tener lugar en abril aqu\u00ed en Jerez tuvo que ser pospuesto a septiembre cuando pens\u00e1bamos que el Covid-19 iba a ser un contratiempo puntual que no durar\u00eda mucho. Tampoco podr\u00e1 ser en septiembre, eso est\u00e1 ahora claro. <\/p>\n\n\n\n<p>La propuesta que surgi\u00f3 de la reuni\u00f3n del otro d\u00eda fue posponerlo al a\u00f1o que viene, conservando las fechas de los encuentros <strong>si es posible<\/strong>. Muchas cosas tendr\u00e1n que ser decididas m\u00e1s cerca de la fecha real del mismo, dependiendo de la situaci\u00f3n global en Europa. Por otra parte, tendremos que decidir de nuevo el a\u00f1o que viene qu\u00e9, qui\u00e9n, cu\u00e1ndo y c\u00f3mo, aunque mucho de lo que hemos trabajado este curso nos servir\u00e1 para plantear el encuentro del 2021. Y nada m\u00e1s, nos quedamos en standby esperando los siguientes acontecimientos. <\/p>\n\n\n\n<figure class=\"wp-block-image size-large is-resized\"><img loading=\"lazy\" decoding=\"async\" src=\"https:\/\/www.seritium.es\/wordpress\/wp-content\/uploads\/2020\/05\/IMG-20200512-WA0002-1024x768.jpg\" alt=\"\" class=\"wp-image-555\" width=\"384\" height=\"288\" srcset=\"https:\/\/www.seritium.es\/wordpress\/wp-content\/uploads\/2020\/05\/IMG-20200512-WA0002-1024x768.jpg 1024w, https:\/\/www.seritium.es\/wordpress\/wp-content\/uploads\/2020\/05\/IMG-20200512-WA0002-300x225.jpg 300w, https:\/\/www.seritium.es\/wordpress\/wp-content\/uploads\/2020\/05\/IMG-20200512-WA0002-768x576.jpg 768w, https:\/\/www.seritium.es\/wordpress\/wp-content\/uploads\/2020\/05\/IMG-20200512-WA0002-1536x1152.jpg 1536w, https:\/\/www.seritium.es\/wordpress\/wp-content\/uploads\/2020\/05\/IMG-20200512-WA0002.jpg 1600w\" sizes=\"auto, (max-width: 384px) 100vw, 384px\" \/><\/figure>\n","protected":false},"excerpt":{"rendered":"<p>Hace unos d\u00edas tuvimos una reuni\u00f3n por videollamada con nuestros colegas del Erasmus. El encuentro de profesores y estudiantes que iba a tener lugar en&hellip; <\/p>\n","protected":false},"author":2,"featured_media":172,"comment_status":"closed","ping_status":"closed","sticky":false,"template":"","format":"standard","meta":{"footnotes":"","jetpack_publicize_message":"","jetpack_publicize_feature_enabled":true,"jetpack_social_post_already_shared":false,"jetpack_social_options":{"image_generator_settings":{"template":"highway","default_image_id":0,"font":"","enabled":false},"version":2}},"categories":[5,22],"tags":[],"class_list":["post-554","post","type-post","status-publish","format-standard","has-post-thumbnail","hentry","category-alumnado","category-erasmusplus"],"jetpack_publicize_connections":[],"_links":{"self":[{"href":"https:\/\/www.seritium.es\/wordpress\/index.php\/wp-json\/wp\/v2\/posts\/554","targetHints":{"allow":["GET"]}}],"collection":[{"href":"https:\/\/www.seritium.es\/wordpress\/index.php\/wp-json\/wp\/v2\/posts"}],"about":[{"href":"https:\/\/www.seritium.es\/wordpress\/index.php\/wp-json\/wp\/v2\/types\/post"}],"author":[{"embeddable":true,"href":"https:\/\/www.seritium.es\/wordpress\/index.php\/wp-json\/wp\/v2\/users\/2"}],"replies":[{"embeddable":true,"href":"https:\/\/www.seritium.es\/wordpress\/index.php\/wp-json\/wp\/v2\/comments?post=554"}],"version-history":[{"count":3,"href":"https:\/\/www.seritium.es\/wordpress\/index.php\/wp-json\/wp\/v2\/posts\/554\/revisions"}],"predecessor-version":[{"id":2852,"href":"https:\/\/www.seritium.es\/wordpress\/index.php\/wp-json\/wp\/v2\/posts\/554\/revisions\/2852"}],"wp:featuredmedia":[{"embeddable":true,"href":"https:\/\/www.seritium.es\/wordpress\/index.php\/wp-json\/wp\/v2\/media\/172"}],"wp:attachment":[{"href":"https:\/\/www.seritium.es\/wordpress\/index.php\/wp-json\/wp\/v2\/media?parent=554"}],"wp:term":[{"taxonomy":"category","embeddable":true,"href":"https:\/\/www.seritium.es\/wordpress\/index.php\/wp-json\/wp\/v2\/categories?post=554"},{"taxonomy":"post_tag","embeddable":true,"href":"https:\/\/www.seritium.es\/wordpress\/index.php\/wp-json\/wp\/v2\/tags?post=554"}],"curies":[{"name":"wp","href":"https:\/\/api.w.org\/{rel}","templated":true}]}}